{"id":66,"date":"2020-05-16T19:00:11","date_gmt":"2020-05-16T19:00:11","guid":{"rendered":"https:\/\/riad-zyo.com\/blog\/?p=32"},"modified":"2020-05-18T13:33:44","modified_gmt":"2020-05-18T13:33:44","slug":"la-design-of-riad-zyo-rabat-2","status":"publish","type":"post","link":"https:\/\/riad-zyo.com\/blog\/2020\/05\/16\/la-design-of-riad-zyo-rabat-2\/","title":{"rendered":"Il design dello zoo Rabat riad"},"content":{"rendered":"\n<figure class=\"wp-block-pullquote\"><blockquote><p>Quello che volevo era creare a Rabat,<strong> un R<\/strong>iad d<strong>el X<\/strong>XI secolo, vale a dire un Riad ch<strong>e di<\/strong>segna le sue origini dal passato romano e arabo-andalusia della citt\u00e0 di Rabat e allo stesso tempo mostrasse ai nost<em>ri futuri ospiti tutta la modernit\u00e0 del design e le creazioni di giovani artisti marocchini.<\/em><\/p><cite>Ali Chraibi<\/cite><\/blockquote><\/figure>\n\n\n\n<p><a href=\"https:\/\/www.riad-zyo.com\">Riad s&#39;ouritano<\/a><\/p>\n\n\n\n<p><br>La scelta d<strong>i Rab<\/strong>at per creare un hotel pu\u00f2 essere sorprenden<br>te. Oltre ad essere una citt\u00e0 imperiale, Rabat non \u00e8 invasa da turisti.<br><\/p>\n\n\n\n<p>Ho esitato tra un piccolo<strong> hote<\/strong>l classico nel centro di Rabat, un bou<strong>tique hotel al<\/strong>la moda o un hotel su una delle tante spiagge di Rabat sull&#39;Atlantico. Ho r<br>apidamente optato per un<strong> Ria<\/strong>d.<br> Un Riad \u00e8 un palazzo urbano tradizionale costruito intorno a un patio centrale ispirato all&#39;atrio dell&#39;antica Roma.<\/p>\n\n\n\n<p>La citt\u00e0 di <strong>Rabat<\/strong> ha questa particolarit\u00e0 di avere diverse medina: quella di <strong>Sal\u00e9<\/strong> a sinistra del fiume bouregreg, quella dell<strong>a kasbah delle oud<\/strong>ayas, e infine quella dell&#39;antica citt\u00e0 di Rabat le cui strade sono pi\u00f9 larghe di quelle delle altre medina.<\/p>\n\n\n\n<p><br>Ti risparmio la mia lunga, difficile e lunga ricerca, una se<br>ra di novembre, mi sono innamorata del vecchio ufficio postale della med<strong>ina di Rabat;<\/strong> questo edificio di facile accesso sul viale principale del centro di Rabat aveva la particolarit\u00e0 di essere pieno di luce.<\/p>\n\n\n\n<p><br>Inoltre, l&#39;edificio non aveva alcun interesse storico che mi ha permesso di immaginare un edificio originale.<\/p>\n\n\n\n<div class=\"wp-block-group\"><div class=\"wp-block-group__inner-container is-layout-flow wp-block-group-is-layout-flow\">\n<figure class=\"wp-block-gallery columns-2 is-cropped wp-block-gallery-1 is-layout-flex wp-block-gallery-is-layout-flex\"><ul class=\"blocks-gallery-grid\"><li class=\"blocks-gallery-item\"><figure><img loading=\"lazy\" decoding=\"async\" width=\"1024\" height=\"704\" src=\"https:\/\/riad-zyo.com\/blog\/wp-content\/uploads\/2020\/05\/ryad-citron-avant-030-1024x704.jpg\" alt=\"\" data-id=\"59\" data-link=\"https:\/\/riad-zyo.com\/blog\/?attachment_id=59\" class=\"wp-image-59\" srcset=\"https:\/\/riad-zyo.com\/blog\/wp-content\/uploads\/2020\/05\/ryad-citron-avant-030-1024x704.jpg 1024w, https:\/\/riad-zyo.com\/blog\/wp-content\/uploads\/2020\/05\/ryad-citron-avant-030-300x206.jpg 300w, https:\/\/riad-zyo.com\/blog\/wp-content\/uploads\/2020\/05\/ryad-citron-avant-030-768x528.jpg 768w, https:\/\/riad-zyo.com\/blog\/wp-content\/uploads\/2020\/05\/ryad-citron-avant-030-1536x1056.jpg 1536w, https:\/\/riad-zyo.com\/blog\/wp-content\/uploads\/2020\/05\/ryad-citron-avant-030-1200x825.jpg 1200w, https:\/\/riad-zyo.com\/blog\/wp-content\/uploads\/2020\/05\/ryad-citron-avant-030.jpg 1567w\" sizes=\"auto, (max-width: 1024px) 100vw, 1024px\" \/><figcaption class=\"blocks-gallery-item__caption\"><a href=\"https:\/\/www.riad-zyo.com\" target=\"_blank\" rel=\"noreferrer noopener\">Foto del riad prima della ristrutturazione<\/a><\/figcaption><\/figure><\/li><li class=\"blocks-gallery-item\"><figure><img loading=\"lazy\" decoding=\"async\" width=\"797\" height=\"1024\" src=\"https:\/\/riad-zyo.com\/blog\/wp-content\/uploads\/2020\/05\/ryad-citron-avant-028-1-797x1024.jpg\" alt=\"\" data-id=\"60\" data-full-url=\"https:\/\/riad-zyo.com\/blog\/wp-content\/uploads\/2020\/05\/ryad-citron-avant-028-1.jpg\" data-link=\"https:\/\/riad-zyo.com\/blog\/?attachment_id=60\" class=\"wp-image-60\" srcset=\"https:\/\/riad-zyo.com\/blog\/wp-content\/uploads\/2020\/05\/ryad-citron-avant-028-1-797x1024.jpg 797w, https:\/\/riad-zyo.com\/blog\/wp-content\/uploads\/2020\/05\/ryad-citron-avant-028-1-234x300.jpg 234w, https:\/\/riad-zyo.com\/blog\/wp-content\/uploads\/2020\/05\/ryad-citron-avant-028-1-768x986.jpg 768w, https:\/\/riad-zyo.com\/blog\/wp-content\/uploads\/2020\/05\/ryad-citron-avant-028-1.jpg 1179w\" sizes=\"auto, (max-width: 797px) 100vw, 797px\" \/><figcaption class=\"blocks-gallery-item__caption\"><a href=\"https:\/\/www.riad-zyo.com\" target=\"_blank\" rel=\"noreferrer noopener\">Scalinata prima della ristrutturazione<\/a><\/figcaption><\/figure><\/li><\/ul><figcaption class=\"blocks-gallery-caption\">Il riad prima della ristrutturazione<\/figcaption><\/figure>\n<\/div><\/div>\n\n\n\n<p><br>Quello che volevo era creare a Rabat, un Riad d<strong>el X<\/strong>XI secolo, vale a dire un Riad ch<strong>e di<\/strong>segna le sue origini dal passato romano e arabo-andalusia della citt\u00e0 di Rabat e allo stesso tempo mostrasse ai nost<strong>ri futuri ospiti tutta la modernit\u00e0 del design e le creazioni di giovani artisti marocchini.<\/strong><\/p>\n\n\n\n<p><br>Non essendo io stesso nativo di Rabat (la mia famiglia \u00e8 di Fez) ho cercato di capire la mia attrazione per questa citt\u00e0 ed \u00e8 alcune nozioni di storia che me le hanno portate: Imma<br>ginate che nel 1515 Rabat sia una citt\u00e0 con meno di cento case abitate. All&#39;inizio del XVII <br>secolo, a seguito della promulgazione del decreto di espulsione dei Morisks da parte del re Filippo III di Spagna, 13.000 membri di questa comunit\u00e0 trovarono rifugio a Rabat, contribuendo cos\u00ec al rilancio della citt\u00e0. Ne segu\u00ec un periodo di prosperit\u00e0, grazie in particolare alla corsa marittima, la principale attivit\u00e0 della regione alla foce del Bouregreg durante i successivi due secoli. I cor<br>sari di Rabat si avventurarono lontano nell&#39;Oceano Atlantico a volte fino all&#39;Islanda e fino a Terranova al largo di oggi Canada.As testimoniate dalle av<br>venture di Robinson Crusoe , prigioniero dei corsari di Rabat.Questo patrimonio an<br>daluso contribuisce alla formazione di un gruppo sociale basato sull&#39;affiliazione della comunit\u00e0, diverso dal modello tribale allora diffuso in Marocco.Il nome de<br>lla strada in cui si trova il Riado si trova il Riado , il cognome ispanico di una delle sue famiglie.<\/p>\n\n\n\n<p>Questi elementi culturali costituiscono un&#39;identit\u00e0 unica per la citt\u00e0 di Rabat e ho voluto raccontare questa storia creando il l<br>uogo. Oggi Rabat \u00e8 una capitale mod<strong>erna, e<\/strong>co-<strong>responsabile, <\/strong>che d\u00e0 il posto d&#39;orgoglio agli spazi verdi. I parchi lo allineano, come il Giardino di Prova Botanico o i giardini esotici di Bouknadel.<br><\/p>\n\n\n\n<p>Da l\u00ec, il design della casa inizia con quello dei giardini.<\/p>\n\n\n\n<p><br>Alexi Bertin, paesaggista ha avuto l&#39;idea di un palmeto sospeso al primo piano, illuminando tutte le camere e un giardino paesaggistico sulla terrazza con vista sulla medina.<\/p>\n\n\n\n<figure class=\"wp-block-image size-large\"><img loading=\"lazy\" decoding=\"async\" width=\"1024\" height=\"949\" src=\"https:\/\/riad-zyo.com\/blog\/wp-content\/uploads\/2020\/05\/APD-A01-Plan-masse-08-10-08-1024x949.jpg\" alt=\"\" class=\"wp-image-45\" srcset=\"https:\/\/riad-zyo.com\/blog\/wp-content\/uploads\/2020\/05\/APD-A01-Plan-masse-08-10-08-1024x949.jpg 1024w, https:\/\/riad-zyo.com\/blog\/wp-content\/uploads\/2020\/05\/APD-A01-Plan-masse-08-10-08-300x278.jpg 300w, https:\/\/riad-zyo.com\/blog\/wp-content\/uploads\/2020\/05\/APD-A01-Plan-masse-08-10-08-768x711.jpg 768w, https:\/\/riad-zyo.com\/blog\/wp-content\/uploads\/2020\/05\/APD-A01-Plan-masse-08-10-08-1536x1423.jpg 1536w, https:\/\/riad-zyo.com\/blog\/wp-content\/uploads\/2020\/05\/APD-A01-Plan-masse-08-10-08-2048x1897.jpg 2048w, https:\/\/riad-zyo.com\/blog\/wp-content\/uploads\/2020\/05\/APD-A01-Plan-masse-08-10-08-1200x1112.jpg 1200w, https:\/\/riad-zyo.com\/blog\/wp-content\/uploads\/2020\/05\/APD-A01-Plan-masse-08-10-08-1980x1834.jpg 1980w\" sizes=\"auto, (max-width: 1024px) 100vw, 1024px\" \/><figcaption><a href=\"https:\/\/www.riad-zyo.com\" target=\"_blank\" rel=\"noreferrer noopener\">Riad s&#39;ouritano<\/a><\/figcaption><\/figure>\n\n\n\n<figure class=\"wp-block-gallery columns-3 is-cropped wp-block-gallery-2 is-layout-flex wp-block-gallery-is-layout-flex\"><ul class=\"blocks-gallery-grid\"><li class=\"blocks-gallery-item\"><figure><img loading=\"lazy\" decoding=\"async\" width=\"1024\" height=\"949\" src=\"https:\/\/riad-zyo.com\/blog\/wp-content\/uploads\/2020\/05\/APD-A01-Plan-masse-08-10-08-1024x949.jpg\" alt=\"\" data-id=\"45\" data-full-url=\"https:\/\/riad-zyo.com\/blog\/wp-content\/uploads\/2020\/05\/APD-A01-Plan-masse-08-10-08-scaled.jpg\" data-link=\"https:\/\/riad-zyo.com\/blog\/?attachment_id=45\" class=\"wp-image-45\" srcset=\"https:\/\/riad-zyo.com\/blog\/wp-content\/uploads\/2020\/05\/APD-A01-Plan-masse-08-10-08-1024x949.jpg 1024w, https:\/\/riad-zyo.com\/blog\/wp-content\/uploads\/2020\/05\/APD-A01-Plan-masse-08-10-08-300x278.jpg 300w, https:\/\/riad-zyo.com\/blog\/wp-content\/uploads\/2020\/05\/APD-A01-Plan-masse-08-10-08-768x711.jpg 768w, https:\/\/riad-zyo.com\/blog\/wp-content\/uploads\/2020\/05\/APD-A01-Plan-masse-08-10-08-1536x1423.jpg 1536w, https:\/\/riad-zyo.com\/blog\/wp-content\/uploads\/2020\/05\/APD-A01-Plan-masse-08-10-08-2048x1897.jpg 2048w, https:\/\/riad-zyo.com\/blog\/wp-content\/uploads\/2020\/05\/APD-A01-Plan-masse-08-10-08-1200x1112.jpg 1200w, https:\/\/riad-zyo.com\/blog\/wp-content\/uploads\/2020\/05\/APD-A01-Plan-masse-08-10-08-1980x1834.jpg 1980w\" sizes=\"auto, (max-width: 1024px) 100vw, 1024px\" \/><figcaption class=\"blocks-gallery-item__caption\"><a href=\"https:\/\/www.riad-zyo.com\" target=\"_blank\" rel=\"noreferrer noopener\">Il tetto durante il giorno<\/a><\/figcaption><\/figure><\/li><li class=\"blocks-gallery-item\"><figure><img loading=\"lazy\" decoding=\"async\" width=\"983\" height=\"1024\" src=\"https:\/\/riad-zyo.com\/blog\/wp-content\/uploads\/2020\/05\/APD-G01-Plan-d\u00e9clairage-08-10-08-983x1024.jpg\" alt=\"\" data-id=\"44\" data-full-url=\"https:\/\/riad-zyo.com\/blog\/wp-content\/uploads\/2020\/05\/APD-G01-Plan-d\u00e9clairage-08-10-08-scaled.jpg\" data-link=\"https:\/\/riad-zyo.com\/blog\/?attachment_id=44\" class=\"wp-image-44\" srcset=\"https:\/\/riad-zyo.com\/blog\/wp-content\/uploads\/2020\/05\/APD-G01-Plan-d\u00e9clairage-08-10-08-983x1024.jpg 983w, https:\/\/riad-zyo.com\/blog\/wp-content\/uploads\/2020\/05\/APD-G01-Plan-d\u00e9clairage-08-10-08-288x300.jpg 288w, https:\/\/riad-zyo.com\/blog\/wp-content\/uploads\/2020\/05\/APD-G01-Plan-d\u00e9clairage-08-10-08-768x800.jpg 768w, https:\/\/riad-zyo.com\/blog\/wp-content\/uploads\/2020\/05\/APD-G01-Plan-d\u00e9clairage-08-10-08-1475x1536.jpg 1475w, https:\/\/riad-zyo.com\/blog\/wp-content\/uploads\/2020\/05\/APD-G01-Plan-d\u00e9clairage-08-10-08-1967x2048.jpg 1967w, https:\/\/riad-zyo.com\/blog\/wp-content\/uploads\/2020\/05\/APD-G01-Plan-d\u00e9clairage-08-10-08-1200x1250.jpg 1200w, https:\/\/riad-zyo.com\/blog\/wp-content\/uploads\/2020\/05\/APD-G01-Plan-d\u00e9clairage-08-10-08-1980x2062.jpg 1980w\" sizes=\"auto, (max-width: 983px) 100vw, 983px\" \/><figcaption class=\"blocks-gallery-item__caption\"><a href=\"https:\/\/www.riad-zyo.com\" target=\"_blank\" rel=\"noreferrer noopener\">La vista notturna sul tetto<\/a><\/figcaption><\/figure><\/li><li class=\"blocks-gallery-item\"><figure><img loading=\"lazy\" decoding=\"async\" width=\"1024\" height=\"665\" src=\"https:\/\/riad-zyo.com\/blog\/wp-content\/uploads\/2020\/05\/APD-B01-Perspective-palmeraie-en-terrasse-09-10-08-1024x665.jpg\" alt=\"\" data-id=\"43\" data-full-url=\"https:\/\/riad-zyo.com\/blog\/wp-content\/uploads\/2020\/05\/APD-B01-Perspective-palmeraie-en-terrasse-09-10-08-scaled.jpg\" data-link=\"https:\/\/riad-zyo.com\/blog\/?attachment_id=43\" class=\"wp-image-43\" srcset=\"https:\/\/riad-zyo.com\/blog\/wp-content\/uploads\/2020\/05\/APD-B01-Perspective-palmeraie-en-terrasse-09-10-08-1024x665.jpg 1024w, https:\/\/riad-zyo.com\/blog\/wp-content\/uploads\/2020\/05\/APD-B01-Perspective-palmeraie-en-terrasse-09-10-08-300x195.jpg 300w, https:\/\/riad-zyo.com\/blog\/wp-content\/uploads\/2020\/05\/APD-B01-Perspective-palmeraie-en-terrasse-09-10-08-768x499.jpg 768w, https:\/\/riad-zyo.com\/blog\/wp-content\/uploads\/2020\/05\/APD-B01-Perspective-palmeraie-en-terrasse-09-10-08-1536x998.jpg 1536w, https:\/\/riad-zyo.com\/blog\/wp-content\/uploads\/2020\/05\/APD-B01-Perspective-palmeraie-en-terrasse-09-10-08-2048x1330.jpg 2048w, https:\/\/riad-zyo.com\/blog\/wp-content\/uploads\/2020\/05\/APD-B01-Perspective-palmeraie-en-terrasse-09-10-08-1200x779.jpg 1200w, https:\/\/riad-zyo.com\/blog\/wp-content\/uploads\/2020\/05\/APD-B01-Perspective-palmeraie-en-terrasse-09-10-08-1980x1286.jpg 1980w\" sizes=\"auto, (max-width: 1024px) 100vw, 1024px\" \/><figcaption class=\"blocks-gallery-item__caption\"><a href=\"https:\/\/www.riad-zyo.com\" target=\"_blank\" rel=\"noreferrer noopener\">Il palmeto al primo piano e la piscina al livello del patio<\/a><\/figcaption><\/figure><\/li><li class=\"blocks-gallery-item\"><figure><img loading=\"lazy\" decoding=\"async\" width=\"1024\" height=\"669\" src=\"https:\/\/riad-zyo.com\/blog\/wp-content\/uploads\/2020\/05\/APD-C01-Perspective-terrasse-sup\u00e9rieure-11-10-08-1024x669.jpg\" alt=\"\" data-id=\"42\" data-full-url=\"https:\/\/riad-zyo.com\/blog\/wp-content\/uploads\/2020\/05\/APD-C01-Perspective-terrasse-sup\u00e9rieure-11-10-08-scaled.jpg\" data-link=\"https:\/\/riad-zyo.com\/blog\/?attachment_id=42\" class=\"wp-image-42\" srcset=\"https:\/\/riad-zyo.com\/blog\/wp-content\/uploads\/2020\/05\/APD-C01-Perspective-terrasse-sup\u00e9rieure-11-10-08-1024x669.jpg 1024w, https:\/\/riad-zyo.com\/blog\/wp-content\/uploads\/2020\/05\/APD-C01-Perspective-terrasse-sup\u00e9rieure-11-10-08-300x196.jpg 300w, https:\/\/riad-zyo.com\/blog\/wp-content\/uploads\/2020\/05\/APD-C01-Perspective-terrasse-sup\u00e9rieure-11-10-08-768x502.jpg 768w, https:\/\/riad-zyo.com\/blog\/wp-content\/uploads\/2020\/05\/APD-C01-Perspective-terrasse-sup\u00e9rieure-11-10-08-1536x1004.jpg 1536w, https:\/\/riad-zyo.com\/blog\/wp-content\/uploads\/2020\/05\/APD-C01-Perspective-terrasse-sup\u00e9rieure-11-10-08-2048x1339.jpg 2048w, https:\/\/riad-zyo.com\/blog\/wp-content\/uploads\/2020\/05\/APD-C01-Perspective-terrasse-sup\u00e9rieure-11-10-08-1200x784.jpg 1200w, https:\/\/riad-zyo.com\/blog\/wp-content\/uploads\/2020\/05\/APD-C01-Perspective-terrasse-sup\u00e9rieure-11-10-08-1980x1294.jpg 1980w\" sizes=\"auto, (max-width: 1024px) 100vw, 1024px\" \/><figcaption class=\"blocks-gallery-item__caption\"><a href=\"https:\/\/www.riad-zyo.com\" target=\"_blank\" rel=\"noreferrer noopener\">Il tetto<\/a><\/figcaption><\/figure><\/li><li class=\"blocks-gallery-item\"><figure><img loading=\"lazy\" decoding=\"async\" width=\"1000\" height=\"667\" src=\"https:\/\/riad-zyo.com\/blog\/wp-content\/uploads\/2020\/05\/Morocco2013-712.jpg\" alt=\"\" data-id=\"13\" data-full-url=\"https:\/\/riad-zyo.com\/blog\/wp-content\/uploads\/2020\/05\/Morocco2013-712.jpg\" data-link=\"https:\/\/riad-zyo.com\/blog\/fr\/morocco2013-712\/\" class=\"wp-image-13\" srcset=\"https:\/\/riad-zyo.com\/blog\/wp-content\/uploads\/2020\/05\/Morocco2013-712.jpg 1000w, https:\/\/riad-zyo.com\/blog\/wp-content\/uploads\/2020\/05\/Morocco2013-712-300x200.jpg 300w, https:\/\/riad-zyo.com\/blog\/wp-content\/uploads\/2020\/05\/Morocco2013-712-768x512.jpg 768w\" sizes=\"auto, (max-width: 1000px) 100vw, 1000px\" \/><figcaption class=\"blocks-gallery-item__caption\"><a href=\"https:\/\/www.riad-zyo.com\">Il risultato di oggi<\/a><\/figcaption><\/figure><\/li><\/ul><\/figure>\n\n\n\n<p><\/p>\n\n\n\n<p>L&#39;Architetto, Amine Raiss ha creato spazi tradizionali intorno a questo giardino, dando il tocco di modernit\u00e0 di un hotel boutique.<br><\/p>\n\n\n\n<figure class=\"wp-block-image size-large\"><img loading=\"lazy\" decoding=\"async\" width=\"768\" height=\"1024\" src=\"https:\/\/riad-zyo.com\/blog\/wp-content\/uploads\/2020\/05\/IMG_9892-768x1024.jpg\" alt=\"Riad s&#39;ouritano\" class=\"wp-image-62\" srcset=\"https:\/\/riad-zyo.com\/blog\/wp-content\/uploads\/2020\/05\/IMG_9892-768x1024.jpg 768w, https:\/\/riad-zyo.com\/blog\/wp-content\/uploads\/2020\/05\/IMG_9892-225x300.jpg 225w, https:\/\/riad-zyo.com\/blog\/wp-content\/uploads\/2020\/05\/IMG_9892-1152x1536.jpg 1152w, https:\/\/riad-zyo.com\/blog\/wp-content\/uploads\/2020\/05\/IMG_9892-1536x2048.jpg 1536w, https:\/\/riad-zyo.com\/blog\/wp-content\/uploads\/2020\/05\/IMG_9892-1200x1600.jpg 1200w, https:\/\/riad-zyo.com\/blog\/wp-content\/uploads\/2020\/05\/IMG_9892-1980x2640.jpg 1980w, https:\/\/riad-zyo.com\/blog\/wp-content\/uploads\/2020\/05\/IMG_9892-scaled.jpg 1920w\" sizes=\"auto, (max-width: 768px) 100vw, 768px\" \/><figcaption><a rel=\"noreferrer noopener\" href=\"https:\/\/www.riad-zyo.com\" target=\"_blank\">Lo zoo Rabat<\/a><a href=\"https:\/\/www.riad-zyo.com\" target=\"_blank\" rel=\"noreferrer noopener\"> <\/a><a rel=\"noreferrer noopener\" href=\"https:\/\/www.riad-zyo.com\" target=\"_blank\">riad oggi<\/a><\/figcaption><\/figure>\n\n\n\n<p>Nel 2012, i<strong><a href=\"https:\/\/www.riad-zyo.com\" target=\"_blank\" rel=\"noreferrer noopener\">l Riad s&#39;\u00e8 fi<\/a><\/strong>nalmente pronto. Nello stesso anno, Rabat \u00e8 stato dichiarato Patrimonio dell&#39;Umanit\u00e0 dall<br>&#39;UNESCO. Nel 2013, le principali destinazioni turistiche della CNN a Rabat hanno mantenuto il secondo posto.<\/p>\n","protected":false},"excerpt":{"rendered":"<p>Quello che volevo era creare a Rabat, un Riad del XXI secolo, vale a dire un Riad che disegna le sue origini dal passato romano e arabo-andalusia della citt\u00e0 di Rabat e allo stesso tempo mostrasse ai nostri futuri ospiti tutta la modernit\u00e0 del design e le creazioni di giovani artisti marocchini. Ali Chraibi Riad [&hellip;]<\/p>\n","protected":false},"author":1,"featured_media":0,"comment_status":"open","ping_status":"open","sticky":false,"template":"","format":"standard","meta":{"footnotes":""},"categories":[16],"tags":[],"class_list":["post-66","post","type-post","status-publish","format-standard","hentry","category-non-classe-it"],"_links":{"self":[{"href":"https:\/\/riad-zyo.com\/blog\/wp-json\/wp\/v2\/posts\/66","targetHints":{"allow":["GET"]}}],"collection":[{"href":"https:\/\/riad-zyo.com\/blog\/wp-json\/wp\/v2\/posts"}],"about":[{"href":"https:\/\/riad-zyo.com\/blog\/wp-json\/wp\/v2\/types\/post"}],"author":[{"embeddable":true,"href":"https:\/\/riad-zyo.com\/blog\/wp-json\/wp\/v2\/users\/1"}],"replies":[{"embeddable":true,"href":"https:\/\/riad-zyo.com\/blog\/wp-json\/wp\/v2\/comments?post=66"}],"version-history":[{"count":2,"href":"https:\/\/riad-zyo.com\/blog\/wp-json\/wp\/v2\/posts\/66\/revisions"}],"predecessor-version":[{"id":72,"href":"https:\/\/riad-zyo.com\/blog\/wp-json\/wp\/v2\/posts\/66\/revisions\/72"}],"wp:attachment":[{"href":"https:\/\/riad-zyo.com\/blog\/wp-json\/wp\/v2\/media?parent=66"}],"wp:term":[{"taxonomy":"category","embeddable":true,"href":"https:\/\/riad-zyo.com\/blog\/wp-json\/wp\/v2\/categories?post=66"},{"taxonomy":"post_tag","embeddable":true,"href":"https:\/\/riad-zyo.com\/blog\/wp-json\/wp\/v2\/tags?post=66"}],"curies":[{"name":"wp","href":"https:\/\/api.w.org\/{rel}","templated":true}]}}