{"id":65,"date":"2020-05-16T19:00:11","date_gmt":"2020-05-16T19:00:11","guid":{"rendered":"https:\/\/riad-zyo.com\/blog\/?p=32"},"modified":"2020-05-18T13:33:44","modified_gmt":"2020-05-18T13:33:44","slug":"la-diseno-de-riad-zyo-rabat","status":"publish","type":"post","link":"https:\/\/riad-zyo.com\/blog\/2020\/05\/16\/la-diseno-de-riad-zyo-rabat\/","title":{"rendered":"El dise\u00f1o del riad Zyo Rabat"},"content":{"rendered":"\n<figure class=\"wp-block-pullquote\"><blockquote><p>Lo que quer\u00eda era crear en Rabat, un<strong> Riad<\/strong> del <strong>sigl<\/strong>o XXI, es decir, un Riad que dib<strong>ujab<\/strong>a sus or\u00edgenes del pasado romano y \u00e1rabe-andaluz de la ciudad de Rabat y al mismo tiempo mostrar a nuestros futuro<em>s invitados toda la modernidad del dise\u00f1o y las creaciones de j\u00f3venes artistas marroqu\u00edes.<\/em><\/p><cite>Ali Chraibi<\/cite><\/blockquote><\/figure>\n\n\n\n<p><a href=\"https:\/\/www.riad-zyo.com\">Riad Zyo Rabat<\/a><\/p>\n\n\n\n<p><br>La elecci\u00f3n <strong>de Ra<\/strong>bat para crear un hotel puede ser sorprenden<br>te. Adem\u00e1s de ser una ciudad imperial, Rabat no est\u00e1 invadido de turistas.<br><\/p>\n\n\n\n<p>Dud\u00e9 entre un peque\u00f1o hot<strong>el cl<\/strong>\u00e1sico en el centro de Rabat, un hotel <strong>boutique de mod<\/strong>a o un hotel en una de las muchas playas de Rabat en el Atl\u00e1ntico. R\u00e1pidam<br>ente opto por un Riad. El<strong> Ri<\/strong>ad<br> es una mansi\u00f3n urbana tradicional construida alrededor de un patio central inspirado en el atrio de la antigua Roma.<\/p>\n\n\n\n<p>La ciudad d<strong>e Rab<\/strong>at tiene esta peculiaridad de tener varias medinas: la de Sa<strong>l\u00e9 a<\/strong> la izquierda del r\u00edo bouregreg, la de la ka<strong>sbah de los ouday<\/strong>as, y finalmente la de la antigua ciudad de Rabat cuyas calles son m\u00e1s anchas que las de las otras medinas.<\/p>\n\n\n\n<p><br>Te perdono mi larga, dif\u00edcil y lenta b\u00fasqueda, una noche <br>de noviembre, me enamor\u00e9 de la antigua oficina de correos de la medin<strong>a de Rabat; e<\/strong>ste edificio de f\u00e1cil acceso en la avenida principal del centro de Rabat ten\u00eda la peculiaridad de estar lleno de luz.<\/p>\n\n\n\n<p><br>Adem\u00e1s, el edificio no ten\u00eda ning\u00fan inter\u00e9s hist\u00f3rico que me permitiera imaginar un edificio original.<\/p>\n\n\n\n<div class=\"wp-block-group\"><div class=\"wp-block-group__inner-container is-layout-flow wp-block-group-is-layout-flow\">\n<figure class=\"wp-block-gallery columns-2 is-cropped wp-block-gallery-1 is-layout-flex wp-block-gallery-is-layout-flex\"><ul class=\"blocks-gallery-grid\"><li class=\"blocks-gallery-item\"><figure><img loading=\"lazy\" decoding=\"async\" width=\"1024\" height=\"704\" src=\"https:\/\/riad-zyo.com\/blog\/wp-content\/uploads\/2020\/05\/ryad-citron-avant-030-1024x704.jpg\" alt=\"\" data-id=\"59\" data-link=\"https:\/\/riad-zyo.com\/blog\/?attachment_id=59\" class=\"wp-image-59\" srcset=\"https:\/\/riad-zyo.com\/blog\/wp-content\/uploads\/2020\/05\/ryad-citron-avant-030-1024x704.jpg 1024w, https:\/\/riad-zyo.com\/blog\/wp-content\/uploads\/2020\/05\/ryad-citron-avant-030-300x206.jpg 300w, https:\/\/riad-zyo.com\/blog\/wp-content\/uploads\/2020\/05\/ryad-citron-avant-030-768x528.jpg 768w, https:\/\/riad-zyo.com\/blog\/wp-content\/uploads\/2020\/05\/ryad-citron-avant-030-1536x1056.jpg 1536w, https:\/\/riad-zyo.com\/blog\/wp-content\/uploads\/2020\/05\/ryad-citron-avant-030-1200x825.jpg 1200w, https:\/\/riad-zyo.com\/blog\/wp-content\/uploads\/2020\/05\/ryad-citron-avant-030.jpg 1567w\" sizes=\"auto, (max-width: 1024px) 100vw, 1024px\" \/><figcaption class=\"blocks-gallery-item__caption\"><a href=\"https:\/\/www.riad-zyo.com\" target=\"_blank\" rel=\"noreferrer noopener\">Foto del riad antes de la renovaci\u00f3n<\/a><\/figcaption><\/figure><\/li><li class=\"blocks-gallery-item\"><figure><img loading=\"lazy\" decoding=\"async\" width=\"797\" height=\"1024\" src=\"https:\/\/riad-zyo.com\/blog\/wp-content\/uploads\/2020\/05\/ryad-citron-avant-028-1-797x1024.jpg\" alt=\"\" data-id=\"60\" data-full-url=\"https:\/\/riad-zyo.com\/blog\/wp-content\/uploads\/2020\/05\/ryad-citron-avant-028-1.jpg\" data-link=\"https:\/\/riad-zyo.com\/blog\/?attachment_id=60\" class=\"wp-image-60\" srcset=\"https:\/\/riad-zyo.com\/blog\/wp-content\/uploads\/2020\/05\/ryad-citron-avant-028-1-797x1024.jpg 797w, https:\/\/riad-zyo.com\/blog\/wp-content\/uploads\/2020\/05\/ryad-citron-avant-028-1-234x300.jpg 234w, https:\/\/riad-zyo.com\/blog\/wp-content\/uploads\/2020\/05\/ryad-citron-avant-028-1-768x986.jpg 768w, https:\/\/riad-zyo.com\/blog\/wp-content\/uploads\/2020\/05\/ryad-citron-avant-028-1.jpg 1179w\" sizes=\"auto, (max-width: 797px) 100vw, 797px\" \/><figcaption class=\"blocks-gallery-item__caption\"><a href=\"https:\/\/www.riad-zyo.com\" target=\"_blank\" rel=\"noreferrer noopener\">Escalera antes de la renovaci\u00f3n<\/a><\/figcaption><\/figure><\/li><\/ul><figcaption class=\"blocks-gallery-caption\">El riad antes de la renovaci\u00f3n<\/figcaption><\/figure>\n<\/div><\/div>\n\n\n\n<p><br>Lo que quer\u00eda era crear en Rabat, un Riad del <strong>sigl<\/strong>o XXI, es decir, un Riad que dib<strong>ujab<\/strong>a sus or\u00edgenes del pasado romano y \u00e1rabe-andaluz de la ciudad de Rabat y al mismo tiempo mostrar a nuestros futuro<strong>s invitados toda la modernidad del dise\u00f1o y las creaciones de j\u00f3venes artistas marroqu\u00edes.<\/strong><\/p>\n\n\n\n<p><br>Al no ser nativo de Rabat yo mismo (mi familia es de Fez) trat\u00e9 de entender mi atracci\u00f3n por esta ciudad y son algunas nociones de historia las que me las trajeron: Imag\u00ednate que e<br>n 1515 Rabat es un pueblo con menos de un centenar de casas habitadas. A principios del sigl<br>o XVII, tras la promulgaci\u00f3n del decreto de expulsi\u00f3n de los Morisks por el rey Felipe III de Espa\u00f1a, 13.000 miembros de esta comunidad encontraron refugio en Rabat, contribuyendo as\u00ed a la revitalizaci\u00f3n de la ciudad. Se produjo un per\u00edodo de prosperidad, en particular gracias a la carrera mar\u00edtima, la actividad principal de la regi\u00f3n en la desembocadura del Bouregreg durante los pr\u00f3ximos dos s<br>iglos. Los corsarios de Rabat se aventuraron mucho en el Oc\u00e9ano Atl\u00e1ntico a veces hasta Islandia y hasta Terranova frente a la actual Canada.As evidenciad<br>o por las aventuras de Robinson Crusoe, cautivo de los corsarios de Rabat.Este pat<br>rimonio andaluz contribuye a la formaci\u00f3n de un grupo social basado en la afiliaci\u00f3n comunitaria, diferente del modelo tribal entonces extendido en Marruecos.El no<br>mbre de la calle donde se encuentra el Riado es el Riado , el apellido hispano de una de sus familias.<\/p>\n\n\n\n<p>Estos elementos culturales constituyen una identidad \u00fanica en la ciudad de Rabat y quer\u00eda contar esta historia creando el lugar. H<br>oy en d\u00eda, Rabat es una capital mod<strong>erna, e<\/strong>co-<strong>responsable, qu<\/strong>e da orgullo de lugar a los espacios verdes. Los parques lo alinean, como el Jard\u00edn Bot\u00e1nico de Pruebas o los ex\u00f3ticos jardines de Bouknadel.<br><\/p>\n\n\n\n<p>A partir de ah\u00ed, el dise\u00f1o de la casa comienza con el de los jardines.<\/p>\n\n\n\n<p><br>Alexi Bertin, paisajista tuvo la idea de un palmeral suspendido en el primer piso, iluminando todas las habitaciones y un jard\u00edn paisajista en la terraza con vistas a la medina.<\/p>\n\n\n\n<figure class=\"wp-block-image size-large\"><img loading=\"lazy\" decoding=\"async\" width=\"1024\" height=\"949\" src=\"https:\/\/riad-zyo.com\/blog\/wp-content\/uploads\/2020\/05\/APD-A01-Plan-masse-08-10-08-1024x949.jpg\" alt=\"\" class=\"wp-image-45\" srcset=\"https:\/\/riad-zyo.com\/blog\/wp-content\/uploads\/2020\/05\/APD-A01-Plan-masse-08-10-08-1024x949.jpg 1024w, https:\/\/riad-zyo.com\/blog\/wp-content\/uploads\/2020\/05\/APD-A01-Plan-masse-08-10-08-300x278.jpg 300w, https:\/\/riad-zyo.com\/blog\/wp-content\/uploads\/2020\/05\/APD-A01-Plan-masse-08-10-08-768x711.jpg 768w, https:\/\/riad-zyo.com\/blog\/wp-content\/uploads\/2020\/05\/APD-A01-Plan-masse-08-10-08-1536x1423.jpg 1536w, https:\/\/riad-zyo.com\/blog\/wp-content\/uploads\/2020\/05\/APD-A01-Plan-masse-08-10-08-2048x1897.jpg 2048w, https:\/\/riad-zyo.com\/blog\/wp-content\/uploads\/2020\/05\/APD-A01-Plan-masse-08-10-08-1200x1112.jpg 1200w, https:\/\/riad-zyo.com\/blog\/wp-content\/uploads\/2020\/05\/APD-A01-Plan-masse-08-10-08-1980x1834.jpg 1980w\" sizes=\"auto, (max-width: 1024px) 100vw, 1024px\" \/><figcaption><a href=\"https:\/\/www.riad-zyo.com\" target=\"_blank\" rel=\"noreferrer noopener\">Riad Zyo Rabat Rooftp<\/a><\/figcaption><\/figure>\n\n\n\n<figure class=\"wp-block-gallery columns-3 is-cropped wp-block-gallery-2 is-layout-flex wp-block-gallery-is-layout-flex\"><ul class=\"blocks-gallery-grid\"><li class=\"blocks-gallery-item\"><figure><img loading=\"lazy\" decoding=\"async\" width=\"1024\" height=\"949\" src=\"https:\/\/riad-zyo.com\/blog\/wp-content\/uploads\/2020\/05\/APD-A01-Plan-masse-08-10-08-1024x949.jpg\" alt=\"\" data-id=\"45\" data-full-url=\"https:\/\/riad-zyo.com\/blog\/wp-content\/uploads\/2020\/05\/APD-A01-Plan-masse-08-10-08-scaled.jpg\" data-link=\"https:\/\/riad-zyo.com\/blog\/?attachment_id=45\" class=\"wp-image-45\" srcset=\"https:\/\/riad-zyo.com\/blog\/wp-content\/uploads\/2020\/05\/APD-A01-Plan-masse-08-10-08-1024x949.jpg 1024w, https:\/\/riad-zyo.com\/blog\/wp-content\/uploads\/2020\/05\/APD-A01-Plan-masse-08-10-08-300x278.jpg 300w, https:\/\/riad-zyo.com\/blog\/wp-content\/uploads\/2020\/05\/APD-A01-Plan-masse-08-10-08-768x711.jpg 768w, https:\/\/riad-zyo.com\/blog\/wp-content\/uploads\/2020\/05\/APD-A01-Plan-masse-08-10-08-1536x1423.jpg 1536w, https:\/\/riad-zyo.com\/blog\/wp-content\/uploads\/2020\/05\/APD-A01-Plan-masse-08-10-08-2048x1897.jpg 2048w, https:\/\/riad-zyo.com\/blog\/wp-content\/uploads\/2020\/05\/APD-A01-Plan-masse-08-10-08-1200x1112.jpg 1200w, https:\/\/riad-zyo.com\/blog\/wp-content\/uploads\/2020\/05\/APD-A01-Plan-masse-08-10-08-1980x1834.jpg 1980w\" sizes=\"auto, (max-width: 1024px) 100vw, 1024px\" \/><figcaption class=\"blocks-gallery-item__caption\"><a href=\"https:\/\/www.riad-zyo.com\" target=\"_blank\" rel=\"noreferrer noopener\">La azotea durante el d\u00eda<\/a><\/figcaption><\/figure><\/li><li class=\"blocks-gallery-item\"><figure><img loading=\"lazy\" decoding=\"async\" width=\"983\" height=\"1024\" src=\"https:\/\/riad-zyo.com\/blog\/wp-content\/uploads\/2020\/05\/APD-G01-Plan-d\u00e9clairage-08-10-08-983x1024.jpg\" alt=\"\" data-id=\"44\" data-full-url=\"https:\/\/riad-zyo.com\/blog\/wp-content\/uploads\/2020\/05\/APD-G01-Plan-d\u00e9clairage-08-10-08-scaled.jpg\" data-link=\"https:\/\/riad-zyo.com\/blog\/?attachment_id=44\" class=\"wp-image-44\" srcset=\"https:\/\/riad-zyo.com\/blog\/wp-content\/uploads\/2020\/05\/APD-G01-Plan-d\u00e9clairage-08-10-08-983x1024.jpg 983w, https:\/\/riad-zyo.com\/blog\/wp-content\/uploads\/2020\/05\/APD-G01-Plan-d\u00e9clairage-08-10-08-288x300.jpg 288w, https:\/\/riad-zyo.com\/blog\/wp-content\/uploads\/2020\/05\/APD-G01-Plan-d\u00e9clairage-08-10-08-768x800.jpg 768w, https:\/\/riad-zyo.com\/blog\/wp-content\/uploads\/2020\/05\/APD-G01-Plan-d\u00e9clairage-08-10-08-1475x1536.jpg 1475w, https:\/\/riad-zyo.com\/blog\/wp-content\/uploads\/2020\/05\/APD-G01-Plan-d\u00e9clairage-08-10-08-1967x2048.jpg 1967w, https:\/\/riad-zyo.com\/blog\/wp-content\/uploads\/2020\/05\/APD-G01-Plan-d\u00e9clairage-08-10-08-1200x1250.jpg 1200w, https:\/\/riad-zyo.com\/blog\/wp-content\/uploads\/2020\/05\/APD-G01-Plan-d\u00e9clairage-08-10-08-1980x2062.jpg 1980w\" sizes=\"auto, (max-width: 983px) 100vw, 983px\" \/><figcaption class=\"blocks-gallery-item__caption\"><a href=\"https:\/\/www.riad-zyo.com\" target=\"_blank\" rel=\"noreferrer noopener\">La vista nocturna de la azotea<\/a><\/figcaption><\/figure><\/li><li class=\"blocks-gallery-item\"><figure><img loading=\"lazy\" decoding=\"async\" width=\"1024\" height=\"665\" src=\"https:\/\/riad-zyo.com\/blog\/wp-content\/uploads\/2020\/05\/APD-B01-Perspective-palmeraie-en-terrasse-09-10-08-1024x665.jpg\" alt=\"\" data-id=\"43\" data-full-url=\"https:\/\/riad-zyo.com\/blog\/wp-content\/uploads\/2020\/05\/APD-B01-Perspective-palmeraie-en-terrasse-09-10-08-scaled.jpg\" data-link=\"https:\/\/riad-zyo.com\/blog\/?attachment_id=43\" class=\"wp-image-43\" srcset=\"https:\/\/riad-zyo.com\/blog\/wp-content\/uploads\/2020\/05\/APD-B01-Perspective-palmeraie-en-terrasse-09-10-08-1024x665.jpg 1024w, https:\/\/riad-zyo.com\/blog\/wp-content\/uploads\/2020\/05\/APD-B01-Perspective-palmeraie-en-terrasse-09-10-08-300x195.jpg 300w, https:\/\/riad-zyo.com\/blog\/wp-content\/uploads\/2020\/05\/APD-B01-Perspective-palmeraie-en-terrasse-09-10-08-768x499.jpg 768w, https:\/\/riad-zyo.com\/blog\/wp-content\/uploads\/2020\/05\/APD-B01-Perspective-palmeraie-en-terrasse-09-10-08-1536x998.jpg 1536w, https:\/\/riad-zyo.com\/blog\/wp-content\/uploads\/2020\/05\/APD-B01-Perspective-palmeraie-en-terrasse-09-10-08-2048x1330.jpg 2048w, https:\/\/riad-zyo.com\/blog\/wp-content\/uploads\/2020\/05\/APD-B01-Perspective-palmeraie-en-terrasse-09-10-08-1200x779.jpg 1200w, https:\/\/riad-zyo.com\/blog\/wp-content\/uploads\/2020\/05\/APD-B01-Perspective-palmeraie-en-terrasse-09-10-08-1980x1286.jpg 1980w\" sizes=\"auto, (max-width: 1024px) 100vw, 1024px\" \/><figcaption class=\"blocks-gallery-item__caption\"><a href=\"https:\/\/www.riad-zyo.com\" target=\"_blank\" rel=\"noreferrer noopener\">El palmeral en el 1o piso y la piscina en el nivel del patio<\/a><\/figcaption><\/figure><\/li><li class=\"blocks-gallery-item\"><figure><img loading=\"lazy\" decoding=\"async\" width=\"1024\" height=\"669\" src=\"https:\/\/riad-zyo.com\/blog\/wp-content\/uploads\/2020\/05\/APD-C01-Perspective-terrasse-sup\u00e9rieure-11-10-08-1024x669.jpg\" alt=\"\" data-id=\"42\" data-full-url=\"https:\/\/riad-zyo.com\/blog\/wp-content\/uploads\/2020\/05\/APD-C01-Perspective-terrasse-sup\u00e9rieure-11-10-08-scaled.jpg\" data-link=\"https:\/\/riad-zyo.com\/blog\/?attachment_id=42\" class=\"wp-image-42\" srcset=\"https:\/\/riad-zyo.com\/blog\/wp-content\/uploads\/2020\/05\/APD-C01-Perspective-terrasse-sup\u00e9rieure-11-10-08-1024x669.jpg 1024w, https:\/\/riad-zyo.com\/blog\/wp-content\/uploads\/2020\/05\/APD-C01-Perspective-terrasse-sup\u00e9rieure-11-10-08-300x196.jpg 300w, https:\/\/riad-zyo.com\/blog\/wp-content\/uploads\/2020\/05\/APD-C01-Perspective-terrasse-sup\u00e9rieure-11-10-08-768x502.jpg 768w, https:\/\/riad-zyo.com\/blog\/wp-content\/uploads\/2020\/05\/APD-C01-Perspective-terrasse-sup\u00e9rieure-11-10-08-1536x1004.jpg 1536w, https:\/\/riad-zyo.com\/blog\/wp-content\/uploads\/2020\/05\/APD-C01-Perspective-terrasse-sup\u00e9rieure-11-10-08-2048x1339.jpg 2048w, https:\/\/riad-zyo.com\/blog\/wp-content\/uploads\/2020\/05\/APD-C01-Perspective-terrasse-sup\u00e9rieure-11-10-08-1200x784.jpg 1200w, https:\/\/riad-zyo.com\/blog\/wp-content\/uploads\/2020\/05\/APD-C01-Perspective-terrasse-sup\u00e9rieure-11-10-08-1980x1294.jpg 1980w\" sizes=\"auto, (max-width: 1024px) 100vw, 1024px\" \/><figcaption class=\"blocks-gallery-item__caption\"><a href=\"https:\/\/www.riad-zyo.com\" target=\"_blank\" rel=\"noreferrer noopener\">La azotea<\/a><\/figcaption><\/figure><\/li><li class=\"blocks-gallery-item\"><figure><img loading=\"lazy\" decoding=\"async\" width=\"1000\" height=\"667\" src=\"https:\/\/riad-zyo.com\/blog\/wp-content\/uploads\/2020\/05\/Morocco2013-712.jpg\" alt=\"\" data-id=\"13\" data-full-url=\"https:\/\/riad-zyo.com\/blog\/wp-content\/uploads\/2020\/05\/Morocco2013-712.jpg\" data-link=\"https:\/\/riad-zyo.com\/blog\/fr\/morocco2013-712\/\" class=\"wp-image-13\" srcset=\"https:\/\/riad-zyo.com\/blog\/wp-content\/uploads\/2020\/05\/Morocco2013-712.jpg 1000w, https:\/\/riad-zyo.com\/blog\/wp-content\/uploads\/2020\/05\/Morocco2013-712-300x200.jpg 300w, https:\/\/riad-zyo.com\/blog\/wp-content\/uploads\/2020\/05\/Morocco2013-712-768x512.jpg 768w\" sizes=\"auto, (max-width: 1000px) 100vw, 1000px\" \/><figcaption class=\"blocks-gallery-item__caption\"><a href=\"https:\/\/www.riad-zyo.com\">El resultado de hoy<\/a><\/figcaption><\/figure><\/li><\/ul><\/figure>\n\n\n\n<p><\/p>\n\n\n\n<p>El Arquitecto, Amine Raiss ha creado espacios tradicionales alrededor de este jard\u00edn mientras da el toque de modernidad de un hotel boutique.<br><\/p>\n\n\n\n<figure class=\"wp-block-image size-large\"><img loading=\"lazy\" decoding=\"async\" width=\"768\" height=\"1024\" src=\"https:\/\/riad-zyo.com\/blog\/wp-content\/uploads\/2020\/05\/IMG_9892-768x1024.jpg\" alt=\"Riad Zyo Rabat\" class=\"wp-image-62\" srcset=\"https:\/\/riad-zyo.com\/blog\/wp-content\/uploads\/2020\/05\/IMG_9892-768x1024.jpg 768w, https:\/\/riad-zyo.com\/blog\/wp-content\/uploads\/2020\/05\/IMG_9892-225x300.jpg 225w, https:\/\/riad-zyo.com\/blog\/wp-content\/uploads\/2020\/05\/IMG_9892-1152x1536.jpg 1152w, https:\/\/riad-zyo.com\/blog\/wp-content\/uploads\/2020\/05\/IMG_9892-1536x2048.jpg 1536w, https:\/\/riad-zyo.com\/blog\/wp-content\/uploads\/2020\/05\/IMG_9892-1200x1600.jpg 1200w, https:\/\/riad-zyo.com\/blog\/wp-content\/uploads\/2020\/05\/IMG_9892-1980x2640.jpg 1980w, https:\/\/riad-zyo.com\/blog\/wp-content\/uploads\/2020\/05\/IMG_9892-scaled.jpg 1920w\" sizes=\"auto, (max-width: 768px) 100vw, 768px\" \/><figcaption><a rel=\"noreferrer noopener\" href=\"https:\/\/www.riad-zyo.com\" target=\"_blank\">El riad Zyo <\/a><a href=\"https:\/\/www.riad-zyo.com\" target=\"_blank\" rel=\"noreferrer noopener\">R<\/a><a rel=\"noreferrer noopener\" href=\"https:\/\/www.riad-zyo.com\" target=\"_blank\">abat hoy<\/a><\/figcaption><\/figure>\n\n\n\n<p>En 2012, el R<strong><a href=\"https:\/\/www.riad-zyo.com\" target=\"_blank\" rel=\"noreferrer noopener\">iad Zyo Rabat es<\/a><\/strong>t\u00e1 finalmente listo. En el mismo a\u00f1o, Rabat fue declarado Patrimonio de la Humanidad p<br>or la UNESCO. En 2013, los principales destinos tur\u00edsticos de CNN en Rabat ocup\u00f3 el segundo lugar.<\/p>\n","protected":false},"excerpt":{"rendered":"<p>Lo que quer\u00eda era crear en Rabat, un Riad del siglo XXI, es decir, un Riad que dibujaba sus or\u00edgenes del pasado romano y \u00e1rabe-andaluz de la ciudad de Rabat y al mismo tiempo mostrar a nuestros futuros invitados toda la modernidad del dise\u00f1o y las creaciones de j\u00f3venes artistas marroqu\u00edes. Ali Chraibi Riad Zyo [&hellip;]<\/p>\n","protected":false},"author":1,"featured_media":0,"comment_status":"open","ping_status":"open","sticky":false,"template":"","format":"standard","meta":{"footnotes":""},"categories":[12],"tags":[],"class_list":["post-65","post","type-post","status-publish","format-standard","hentry","category-non-classe-es"],"_links":{"self":[{"href":"https:\/\/riad-zyo.com\/blog\/wp-json\/wp\/v2\/posts\/65","targetHints":{"allow":["GET"]}}],"collection":[{"href":"https:\/\/riad-zyo.com\/blog\/wp-json\/wp\/v2\/posts"}],"about":[{"href":"https:\/\/riad-zyo.com\/blog\/wp-json\/wp\/v2\/types\/post"}],"author":[{"embeddable":true,"href":"https:\/\/riad-zyo.com\/blog\/wp-json\/wp\/v2\/users\/1"}],"replies":[{"embeddable":true,"href":"https:\/\/riad-zyo.com\/blog\/wp-json\/wp\/v2\/comments?post=65"}],"version-history":[{"count":2,"href":"https:\/\/riad-zyo.com\/blog\/wp-json\/wp\/v2\/posts\/65\/revisions"}],"predecessor-version":[{"id":73,"href":"https:\/\/riad-zyo.com\/blog\/wp-json\/wp\/v2\/posts\/65\/revisions\/73"}],"wp:attachment":[{"href":"https:\/\/riad-zyo.com\/blog\/wp-json\/wp\/v2\/media?parent=65"}],"wp:term":[{"taxonomy":"category","embeddable":true,"href":"https:\/\/riad-zyo.com\/blog\/wp-json\/wp\/v2\/categories?post=65"},{"taxonomy":"post_tag","embeddable":true,"href":"https:\/\/riad-zyo.com\/blog\/wp-json\/wp\/v2\/tags?post=65"}],"curies":[{"name":"wp","href":"https:\/\/api.w.org\/{rel}","templated":true}]}}