{"id":32,"date":"2020-05-16T19:00:11","date_gmt":"2020-05-16T19:00:11","guid":{"rendered":"https:\/\/riad-zyo.com\/blog\/?p=32"},"modified":"2020-05-18T18:25:48","modified_gmt":"2020-05-18T18:25:48","slug":"la-conception-du-riad-zyo-rabat","status":"publish","type":"post","link":"https:\/\/riad-zyo.com\/blog\/2020\/05\/16\/la-conception-du-riad-zyo-rabat\/","title":{"rendered":"La conception du riad Zyo Rabat"},"content":{"rendered":"\n<figure class=\"wp-block-pullquote\"><blockquote><p>Ce que je voulais , c\u2019\u00e9tait cr\u00e9er \u00e0 <strong>Rabat<\/strong>, un <strong>Riad<\/strong> du XXI si\u00e8cle c\u2019est-\u00e0-dire un <strong>Riad<\/strong> puisant ses origines dans le pass\u00e9 romain et arabo-andalou de la ville de Rabat et en m\u00eame temps montrer \u00e0 nos <em>futurs h\u00f4tes toute la modernit\u00e9 du design et les cr\u00e9ations de jeunes artistes marocains.<\/em><\/p><cite>Ali Chraibi<\/cite><\/blockquote><\/figure>\n\n\n\n<p><a href=\"https:\/\/www.riad-zyo.com\">Riad Zyo Rabat<\/a><\/p>\n\n\n\n<p><br>Le choix de <strong>Rabat<\/strong> pour cr\u00e9er un h\u00f4tel peut paraitre \u00e9tonnant.<br>Tout en \u00e9tant une ville imp\u00e9riale, Rabat n\u2019est pas envahie de touristes.<br><\/p>\n\n\n\n<p>J\u2019ai h\u00e9sit\u00e9 entre un petit <strong>h\u00f4tel<\/strong> classique au centre-ville de Rabat , un <strong>boutique -h\u00f4tel<\/strong> \u00e0 la mode ou un h\u00f4tel sur une des nombreuses plages de Rabat sur l\u2019Atlantique.<br>J\u2019opte rapidement pour un <strong>Riad<\/strong>&nbsp;.<br>Un Riad est une demeure urbaine traditionnelle construite autour d\u2019un patio central inspir\u00e9 de l\u2019atrium de la Rome Antique.<\/p>\n\n\n\n<p>La ville de <strong>Rabat<\/strong> a cette particularit\u00e9 d\u2019avoir plusieurs m\u00e9dinas&nbsp;: celle de <strong>Sal\u00e9<\/strong> \u00e0 gauche du fleuve Bouregreg , celle de la <strong>kasbah des oudayas<\/strong>, et enfin celle de l\u2019ancienne ville de Rabat dont les rues sont plus larges que celles des autres m\u00e9dinas.<\/p>\n\n\n\n<p><br>Je vous \u00e9pargne mes recherches longues , difficiles et chronophages,<br>un soir de Novembre, je tombais sous le charme de l\u2019ancien bureau de poste de la <strong>m\u00e9dina de Rabat<\/strong>&nbsp;; ce b\u00e2timent d\u2019acc\u00e8s facile et situ\u00e9 sur l\u2019avenue principale du centre-ville de Rabat avait cette particularit\u00e9 d\u2019\u00eatre gorg\u00e9 de lumi\u00e8re.<\/p>\n\n\n\n<p><br>De plus, le b\u00e2timent n\u2019avait aucun int\u00e9r\u00eat historique ce qui me permettait d\u2019 imaginer un b\u00e2timent original.<\/p>\n\n\n\n<div class=\"wp-block-group\"><div class=\"wp-block-group__inner-container is-layout-flow wp-block-group-is-layout-flow\">\n<figure class=\"wp-block-gallery columns-2 is-cropped wp-block-gallery-1 is-layout-flex wp-block-gallery-is-layout-flex\"><ul class=\"blocks-gallery-grid\"><li class=\"blocks-gallery-item\"><figure><img loading=\"lazy\" decoding=\"async\" width=\"1024\" height=\"704\" src=\"https:\/\/riad-zyo.com\/blog\/wp-content\/uploads\/2020\/05\/ryad-citron-avant-030-1024x704.jpg\" alt=\"\" data-id=\"59\" data-link=\"https:\/\/riad-zyo.com\/blog\/?attachment_id=59\" class=\"wp-image-59\" srcset=\"https:\/\/riad-zyo.com\/blog\/wp-content\/uploads\/2020\/05\/ryad-citron-avant-030-1024x704.jpg 1024w, https:\/\/riad-zyo.com\/blog\/wp-content\/uploads\/2020\/05\/ryad-citron-avant-030-300x206.jpg 300w, https:\/\/riad-zyo.com\/blog\/wp-content\/uploads\/2020\/05\/ryad-citron-avant-030-768x528.jpg 768w, https:\/\/riad-zyo.com\/blog\/wp-content\/uploads\/2020\/05\/ryad-citron-avant-030-1536x1056.jpg 1536w, https:\/\/riad-zyo.com\/blog\/wp-content\/uploads\/2020\/05\/ryad-citron-avant-030-1200x825.jpg 1200w, https:\/\/riad-zyo.com\/blog\/wp-content\/uploads\/2020\/05\/ryad-citron-avant-030.jpg 1567w\" sizes=\"auto, (max-width: 1024px) 100vw, 1024px\" \/><figcaption class=\"blocks-gallery-item__caption\"><a href=\"https:\/\/www.riad-zyo.com\" target=\"_blank\" rel=\"noreferrer noopener\">Photo du riad avant la r\u00e9novation<\/a><\/figcaption><\/figure><\/li><li class=\"blocks-gallery-item\"><figure><img loading=\"lazy\" decoding=\"async\" width=\"797\" height=\"1024\" src=\"https:\/\/riad-zyo.com\/blog\/wp-content\/uploads\/2020\/05\/ryad-citron-avant-028-1-797x1024.jpg\" alt=\"\" data-id=\"60\" data-full-url=\"https:\/\/riad-zyo.com\/blog\/wp-content\/uploads\/2020\/05\/ryad-citron-avant-028-1.jpg\" data-link=\"https:\/\/riad-zyo.com\/blog\/?attachment_id=60\" class=\"wp-image-60\" srcset=\"https:\/\/riad-zyo.com\/blog\/wp-content\/uploads\/2020\/05\/ryad-citron-avant-028-1-797x1024.jpg 797w, https:\/\/riad-zyo.com\/blog\/wp-content\/uploads\/2020\/05\/ryad-citron-avant-028-1-234x300.jpg 234w, https:\/\/riad-zyo.com\/blog\/wp-content\/uploads\/2020\/05\/ryad-citron-avant-028-1-768x986.jpg 768w, https:\/\/riad-zyo.com\/blog\/wp-content\/uploads\/2020\/05\/ryad-citron-avant-028-1.jpg 1179w\" sizes=\"auto, (max-width: 797px) 100vw, 797px\" \/><figcaption class=\"blocks-gallery-item__caption\"><a href=\"https:\/\/www.riad-zyo.com\" target=\"_blank\" rel=\"noreferrer noopener\">Escalier avant la renovation<\/a><\/figcaption><\/figure><\/li><\/ul><figcaption class=\"blocks-gallery-caption\">Le riad avant la r\u00e9novation<\/figcaption><\/figure>\n<\/div><\/div>\n\n\n\n<p><br>Ce que je voulais , c\u2019\u00e9tait cr\u00e9er \u00e0 <strong>Rabat<\/strong>, un <strong>Riad<\/strong> du XXI si\u00e8cle c\u2019est-\u00e0-dire un <strong>Riad<\/strong> puisant ses origines dans le pass\u00e9 romain et arabo-andalou de la ville de Rabat et en m\u00eame temps montrer \u00e0 nos futurs h\u00f4tes toute la modernit\u00e9 du design et les cr\u00e9ations de jeunes artistes marocains.<\/p>\n\n\n\n<p><br>N\u2019\u00e9tant pas moi-m\u00eame originaire de Rabat (ma famille est originaire de F\u00e8s ) j\u2019ai essay\u00e9 de comprendre mon attirance pour cette ville et c\u2019est quelques notions d\u2019histoire qui me les ont apport\u00e9es&nbsp;:<br>Figurez-vous qu\u2019 en&nbsp;1515&nbsp; Rabat est une bourgade qui compte moins d&rsquo;une centaine de maisons habit\u00e9es.<br>Au d\u00e9but du&nbsp;XVII si\u00e8cle, \u00e0 la suite de la promulgation du d\u00e9cret d&rsquo;expulsion des Morisques&nbsp;par le roi&nbsp;Philippe III d&rsquo;Espagne, 13&nbsp;000 membres de cette communaut\u00e9, trouvent refuge \u00e0&nbsp;Rabat, contribuant ainsi \u00e0 la revitalisation de la ville. Une p\u00e9riode de prosp\u00e9rit\u00e9, s&rsquo;ensuit, notamment gr\u00e2ce \u00e0 la&nbsp;course maritime, principale activit\u00e9 de la r\u00e9gion de l&#8217;embouchure du&nbsp; Bouregreg &nbsp;pendant les deux si\u00e8cles suivants.<br>Les corsaires de Rabat s\u2019aventuraient tr\u00e8s loin dans l\u2019Oc\u00e9an atlantique parfois jusqu\u2019en Islande et jusqu\u2019\u00e0 Terre-Neuve au large de l\u2019actuel Canada.<br>En t\u00e9moignent les aventures de Robinson Cruso\u00e9 , captif des corsaires de Rabat.<br>Cet h\u00e9ritage andalou contribue \u00e0 la constitution d&rsquo;un groupe social bas\u00e9 sur l&rsquo;appartenance communautaire, diff\u00e9rent du mod\u00e8le tribal r\u00e9pandu alors au Maroc.<br>Le nom de la rue ou se trouve le Riad Zyo est Moreno , patronyme hispanique d\u2019une de ses familles.<\/p>\n\n\n\n<p>Ces \u00e9l\u00e9ments culturels constituent une identit\u00e9 propre \u00e0 la ville de Rabat et j\u2019ai voulu raconter cette histoire en cr\u00e9ant le lieu&nbsp;.<br>Aujourd\u2019hui, Rabat est une capitale <strong>moderne<\/strong> , <strong>\u00e9co-responsable<\/strong> ,qui fait la part belle aux espaces verts&nbsp;. Des parcs la jalonnent , tel le Jardin d\u2019essai botanique ou les jardins exotiques de Bouknadel.<br><\/p>\n\n\n\n<p>De l\u00e0 , la conception de la maison commence par celle des jardins.<\/p>\n\n\n\n<p><br>Alexi Bertin, paysagiste eu l\u2019id\u00e9e d\u2019une palmeraie suspendue au premier \u00e9tage , \u00e9clairant toutes les chambres et d\u2019un jardin paysag\u00e9 en terrasse avec vue sur la m\u00e9dina.<\/p>\n\n\n\n<figure class=\"wp-block-image size-large\"><img loading=\"lazy\" decoding=\"async\" width=\"1024\" height=\"949\" src=\"https:\/\/riad-zyo.com\/blog\/wp-content\/uploads\/2020\/05\/APD-A01-Plan-masse-08-10-08-1024x949.jpg\" alt=\"\" class=\"wp-image-45\" srcset=\"https:\/\/riad-zyo.com\/blog\/wp-content\/uploads\/2020\/05\/APD-A01-Plan-masse-08-10-08-1024x949.jpg 1024w, https:\/\/riad-zyo.com\/blog\/wp-content\/uploads\/2020\/05\/APD-A01-Plan-masse-08-10-08-300x278.jpg 300w, https:\/\/riad-zyo.com\/blog\/wp-content\/uploads\/2020\/05\/APD-A01-Plan-masse-08-10-08-768x711.jpg 768w, https:\/\/riad-zyo.com\/blog\/wp-content\/uploads\/2020\/05\/APD-A01-Plan-masse-08-10-08-1536x1423.jpg 1536w, https:\/\/riad-zyo.com\/blog\/wp-content\/uploads\/2020\/05\/APD-A01-Plan-masse-08-10-08-2048x1897.jpg 2048w, https:\/\/riad-zyo.com\/blog\/wp-content\/uploads\/2020\/05\/APD-A01-Plan-masse-08-10-08-1200x1112.jpg 1200w, https:\/\/riad-zyo.com\/blog\/wp-content\/uploads\/2020\/05\/APD-A01-Plan-masse-08-10-08-1980x1834.jpg 1980w\" sizes=\"auto, (max-width: 1024px) 100vw, 1024px\" \/><figcaption><a href=\"https:\/\/www.riad-zyo.com\" target=\"_blank\" rel=\"noreferrer noopener\">Riad Zyo Rabat Rooftp<\/a><\/figcaption><\/figure>\n\n\n\n<figure class=\"wp-block-gallery columns-3 is-cropped wp-block-gallery-2 is-layout-flex wp-block-gallery-is-layout-flex\"><ul class=\"blocks-gallery-grid\"><li class=\"blocks-gallery-item\"><figure><img loading=\"lazy\" decoding=\"async\" width=\"1024\" height=\"949\" src=\"https:\/\/riad-zyo.com\/blog\/wp-content\/uploads\/2020\/05\/APD-A01-Plan-masse-08-10-08-1024x949.jpg\" alt=\"\" data-id=\"45\" data-full-url=\"https:\/\/riad-zyo.com\/blog\/wp-content\/uploads\/2020\/05\/APD-A01-Plan-masse-08-10-08-scaled.jpg\" data-link=\"https:\/\/riad-zyo.com\/blog\/?attachment_id=45\" class=\"wp-image-45\" srcset=\"https:\/\/riad-zyo.com\/blog\/wp-content\/uploads\/2020\/05\/APD-A01-Plan-masse-08-10-08-1024x949.jpg 1024w, https:\/\/riad-zyo.com\/blog\/wp-content\/uploads\/2020\/05\/APD-A01-Plan-masse-08-10-08-300x278.jpg 300w, https:\/\/riad-zyo.com\/blog\/wp-content\/uploads\/2020\/05\/APD-A01-Plan-masse-08-10-08-768x711.jpg 768w, https:\/\/riad-zyo.com\/blog\/wp-content\/uploads\/2020\/05\/APD-A01-Plan-masse-08-10-08-1536x1423.jpg 1536w, https:\/\/riad-zyo.com\/blog\/wp-content\/uploads\/2020\/05\/APD-A01-Plan-masse-08-10-08-2048x1897.jpg 2048w, https:\/\/riad-zyo.com\/blog\/wp-content\/uploads\/2020\/05\/APD-A01-Plan-masse-08-10-08-1200x1112.jpg 1200w, https:\/\/riad-zyo.com\/blog\/wp-content\/uploads\/2020\/05\/APD-A01-Plan-masse-08-10-08-1980x1834.jpg 1980w\" sizes=\"auto, (max-width: 1024px) 100vw, 1024px\" \/><figcaption class=\"blocks-gallery-item__caption\"><a href=\"https:\/\/www.riad-zyo.com\" target=\"_blank\" rel=\"noreferrer noopener\">Le rooftop en journ\u00e9e<\/a><\/figcaption><\/figure><\/li><li class=\"blocks-gallery-item\"><figure><img loading=\"lazy\" decoding=\"async\" width=\"983\" height=\"1024\" src=\"https:\/\/riad-zyo.com\/blog\/wp-content\/uploads\/2020\/05\/APD-G01-Plan-d\u00e9clairage-08-10-08-983x1024.jpg\" alt=\"\" data-id=\"44\" data-full-url=\"https:\/\/riad-zyo.com\/blog\/wp-content\/uploads\/2020\/05\/APD-G01-Plan-d\u00e9clairage-08-10-08-scaled.jpg\" data-link=\"https:\/\/riad-zyo.com\/blog\/?attachment_id=44\" class=\"wp-image-44\" srcset=\"https:\/\/riad-zyo.com\/blog\/wp-content\/uploads\/2020\/05\/APD-G01-Plan-d\u00e9clairage-08-10-08-983x1024.jpg 983w, https:\/\/riad-zyo.com\/blog\/wp-content\/uploads\/2020\/05\/APD-G01-Plan-d\u00e9clairage-08-10-08-288x300.jpg 288w, https:\/\/riad-zyo.com\/blog\/wp-content\/uploads\/2020\/05\/APD-G01-Plan-d\u00e9clairage-08-10-08-768x800.jpg 768w, https:\/\/riad-zyo.com\/blog\/wp-content\/uploads\/2020\/05\/APD-G01-Plan-d\u00e9clairage-08-10-08-1475x1536.jpg 1475w, https:\/\/riad-zyo.com\/blog\/wp-content\/uploads\/2020\/05\/APD-G01-Plan-d\u00e9clairage-08-10-08-1967x2048.jpg 1967w, https:\/\/riad-zyo.com\/blog\/wp-content\/uploads\/2020\/05\/APD-G01-Plan-d\u00e9clairage-08-10-08-1200x1250.jpg 1200w, https:\/\/riad-zyo.com\/blog\/wp-content\/uploads\/2020\/05\/APD-G01-Plan-d\u00e9clairage-08-10-08-1980x2062.jpg 1980w\" sizes=\"auto, (max-width: 983px) 100vw, 983px\" \/><figcaption class=\"blocks-gallery-item__caption\"><a href=\"https:\/\/www.riad-zyo.com\" target=\"_blank\" rel=\"noreferrer noopener\">Le rooftop de vue de nuit<\/a><\/figcaption><\/figure><\/li><li class=\"blocks-gallery-item\"><figure><img loading=\"lazy\" decoding=\"async\" width=\"1024\" height=\"665\" src=\"https:\/\/riad-zyo.com\/blog\/wp-content\/uploads\/2020\/05\/APD-B01-Perspective-palmeraie-en-terrasse-09-10-08-1024x665.jpg\" alt=\"\" data-id=\"43\" data-full-url=\"https:\/\/riad-zyo.com\/blog\/wp-content\/uploads\/2020\/05\/APD-B01-Perspective-palmeraie-en-terrasse-09-10-08-scaled.jpg\" data-link=\"https:\/\/riad-zyo.com\/blog\/?attachment_id=43\" class=\"wp-image-43\" srcset=\"https:\/\/riad-zyo.com\/blog\/wp-content\/uploads\/2020\/05\/APD-B01-Perspective-palmeraie-en-terrasse-09-10-08-1024x665.jpg 1024w, https:\/\/riad-zyo.com\/blog\/wp-content\/uploads\/2020\/05\/APD-B01-Perspective-palmeraie-en-terrasse-09-10-08-300x195.jpg 300w, https:\/\/riad-zyo.com\/blog\/wp-content\/uploads\/2020\/05\/APD-B01-Perspective-palmeraie-en-terrasse-09-10-08-768x499.jpg 768w, https:\/\/riad-zyo.com\/blog\/wp-content\/uploads\/2020\/05\/APD-B01-Perspective-palmeraie-en-terrasse-09-10-08-1536x998.jpg 1536w, https:\/\/riad-zyo.com\/blog\/wp-content\/uploads\/2020\/05\/APD-B01-Perspective-palmeraie-en-terrasse-09-10-08-2048x1330.jpg 2048w, https:\/\/riad-zyo.com\/blog\/wp-content\/uploads\/2020\/05\/APD-B01-Perspective-palmeraie-en-terrasse-09-10-08-1200x779.jpg 1200w, https:\/\/riad-zyo.com\/blog\/wp-content\/uploads\/2020\/05\/APD-B01-Perspective-palmeraie-en-terrasse-09-10-08-1980x1286.jpg 1980w\" sizes=\"auto, (max-width: 1024px) 100vw, 1024px\" \/><figcaption class=\"blocks-gallery-item__caption\"><a href=\"https:\/\/www.riad-zyo.com\" target=\"_blank\" rel=\"noreferrer noopener\">La palmeraie au 1er \u00e9tage et la piscine au niveau du patio<\/a><\/figcaption><\/figure><\/li><li class=\"blocks-gallery-item\"><figure><img loading=\"lazy\" decoding=\"async\" width=\"1024\" height=\"669\" src=\"https:\/\/riad-zyo.com\/blog\/wp-content\/uploads\/2020\/05\/APD-C01-Perspective-terrasse-sup\u00e9rieure-11-10-08-1024x669.jpg\" alt=\"\" data-id=\"42\" data-full-url=\"https:\/\/riad-zyo.com\/blog\/wp-content\/uploads\/2020\/05\/APD-C01-Perspective-terrasse-sup\u00e9rieure-11-10-08-scaled.jpg\" data-link=\"https:\/\/riad-zyo.com\/blog\/?attachment_id=42\" class=\"wp-image-42\" srcset=\"https:\/\/riad-zyo.com\/blog\/wp-content\/uploads\/2020\/05\/APD-C01-Perspective-terrasse-sup\u00e9rieure-11-10-08-1024x669.jpg 1024w, https:\/\/riad-zyo.com\/blog\/wp-content\/uploads\/2020\/05\/APD-C01-Perspective-terrasse-sup\u00e9rieure-11-10-08-300x196.jpg 300w, https:\/\/riad-zyo.com\/blog\/wp-content\/uploads\/2020\/05\/APD-C01-Perspective-terrasse-sup\u00e9rieure-11-10-08-768x502.jpg 768w, https:\/\/riad-zyo.com\/blog\/wp-content\/uploads\/2020\/05\/APD-C01-Perspective-terrasse-sup\u00e9rieure-11-10-08-1536x1004.jpg 1536w, https:\/\/riad-zyo.com\/blog\/wp-content\/uploads\/2020\/05\/APD-C01-Perspective-terrasse-sup\u00e9rieure-11-10-08-2048x1339.jpg 2048w, https:\/\/riad-zyo.com\/blog\/wp-content\/uploads\/2020\/05\/APD-C01-Perspective-terrasse-sup\u00e9rieure-11-10-08-1200x784.jpg 1200w, https:\/\/riad-zyo.com\/blog\/wp-content\/uploads\/2020\/05\/APD-C01-Perspective-terrasse-sup\u00e9rieure-11-10-08-1980x1294.jpg 1980w\" sizes=\"auto, (max-width: 1024px) 100vw, 1024px\" \/><figcaption class=\"blocks-gallery-item__caption\"><a href=\"https:\/\/www.riad-zyo.com\" target=\"_blank\" rel=\"noreferrer noopener\">Le rooftop<\/a><\/figcaption><\/figure><\/li><li class=\"blocks-gallery-item\"><figure><img loading=\"lazy\" decoding=\"async\" width=\"1000\" height=\"667\" src=\"https:\/\/riad-zyo.com\/blog\/wp-content\/uploads\/2020\/05\/Morocco2013-712.jpg\" alt=\"\" data-id=\"13\" data-full-url=\"https:\/\/riad-zyo.com\/blog\/wp-content\/uploads\/2020\/05\/Morocco2013-712.jpg\" data-link=\"https:\/\/riad-zyo.com\/blog\/fr\/morocco2013-712\/\" class=\"wp-image-13\" srcset=\"https:\/\/riad-zyo.com\/blog\/wp-content\/uploads\/2020\/05\/Morocco2013-712.jpg 1000w, https:\/\/riad-zyo.com\/blog\/wp-content\/uploads\/2020\/05\/Morocco2013-712-300x200.jpg 300w, https:\/\/riad-zyo.com\/blog\/wp-content\/uploads\/2020\/05\/Morocco2013-712-768x512.jpg 768w\" sizes=\"auto, (max-width: 1000px) 100vw, 1000px\" \/><figcaption class=\"blocks-gallery-item__caption\"><a href=\"https:\/\/www.riad-zyo.com\">Le r\u00e9sultat aujourd&rsquo;hui<\/a><\/figcaption><\/figure><\/li><\/ul><\/figure>\n\n\n\n<p><\/p>\n\n\n\n<p>L\u2019Architecte , Amine Raiss a su cr\u00e9er des espaces traditionnels autour de ce jardin tout en donnant la touche de modernit\u00e9 d\u2019un boutique-h\u00f4tel&nbsp;.<br><\/p>\n\n\n\n<figure class=\"wp-block-image size-large\"><img loading=\"lazy\" decoding=\"async\" width=\"768\" height=\"1024\" src=\"https:\/\/riad-zyo.com\/blog\/wp-content\/uploads\/2020\/05\/IMG_9892-768x1024.jpg\" alt=\"Riad Zyo Rabat\" class=\"wp-image-62\" srcset=\"https:\/\/riad-zyo.com\/blog\/wp-content\/uploads\/2020\/05\/IMG_9892-768x1024.jpg 768w, https:\/\/riad-zyo.com\/blog\/wp-content\/uploads\/2020\/05\/IMG_9892-225x300.jpg 225w, https:\/\/riad-zyo.com\/blog\/wp-content\/uploads\/2020\/05\/IMG_9892-1152x1536.jpg 1152w, https:\/\/riad-zyo.com\/blog\/wp-content\/uploads\/2020\/05\/IMG_9892-1536x2048.jpg 1536w, https:\/\/riad-zyo.com\/blog\/wp-content\/uploads\/2020\/05\/IMG_9892-1200x1600.jpg 1200w, https:\/\/riad-zyo.com\/blog\/wp-content\/uploads\/2020\/05\/IMG_9892-1980x2640.jpg 1980w, https:\/\/riad-zyo.com\/blog\/wp-content\/uploads\/2020\/05\/IMG_9892-scaled.jpg 1920w\" sizes=\"auto, (max-width: 768px) 100vw, 768px\" \/><figcaption><a rel=\"noreferrer noopener\" href=\"https:\/\/www.riad-zyo.com\" target=\"_blank\">Le riad Zyo Rabat<\/a><a href=\"https:\/\/www.riad-zyo.com\" target=\"_blank\" rel=\"noreferrer noopener\"> <\/a><a rel=\"noreferrer noopener\" href=\"https:\/\/www.riad-zyo.com\" target=\"_blank\">aujourd&rsquo;hui<\/a><\/figcaption><\/figure>\n\n\n\n<p>En 2012, le <strong><a href=\"https:\/\/www.riad-zyo.com\" target=\"_blank\" rel=\"noreferrer noopener\">Riad Zyo Rabat<\/a><\/strong> est enfin pr\u00eat\u00a0. La m\u00eame ann\u00e9e , Rabat est class\u00e9e au Patrimoine Mondial de L\u2019 UNESCO.<br>En 2013\u00a0, au classement CNN des meilleures destinations touristiques Rabat d\u00e9tient la deuxi\u00e8me place\u00a0.<\/p>\n","protected":false},"excerpt":{"rendered":"<p>Ce que je voulais , c\u2019\u00e9tait cr\u00e9er \u00e0 Rabat, un Riad du XXI si\u00e8cle c\u2019est-\u00e0-dire un Riad puisant ses origines dans le pass\u00e9 romain et arabo-andalou de la ville de Rabat et en m\u00eame temps montrer \u00e0 nos futurs h\u00f4tes toute la modernit\u00e9 du design et les cr\u00e9ations de jeunes artistes marocains. Ali Chraibi Riad [&hellip;]<\/p>\n","protected":false},"author":1,"featured_media":0,"comment_status":"open","ping_status":"open","sticky":false,"template":"","format":"standard","meta":{"footnotes":""},"categories":[2],"tags":[],"class_list":["post-32","post","type-post","status-publish","format-standard","hentry","category-riad-zyo"],"_links":{"self":[{"href":"https:\/\/riad-zyo.com\/blog\/wp-json\/wp\/v2\/posts\/32","targetHints":{"allow":["GET"]}}],"collection":[{"href":"https:\/\/riad-zyo.com\/blog\/wp-json\/wp\/v2\/posts"}],"about":[{"href":"https:\/\/riad-zyo.com\/blog\/wp-json\/wp\/v2\/types\/post"}],"author":[{"embeddable":true,"href":"https:\/\/riad-zyo.com\/blog\/wp-json\/wp\/v2\/users\/1"}],"replies":[{"embeddable":true,"href":"https:\/\/riad-zyo.com\/blog\/wp-json\/wp\/v2\/comments?post=32"}],"version-history":[{"count":4,"href":"https:\/\/riad-zyo.com\/blog\/wp-json\/wp\/v2\/posts\/32\/revisions"}],"predecessor-version":[{"id":71,"href":"https:\/\/riad-zyo.com\/blog\/wp-json\/wp\/v2\/posts\/32\/revisions\/71"}],"wp:attachment":[{"href":"https:\/\/riad-zyo.com\/blog\/wp-json\/wp\/v2\/media?parent=32"}],"wp:term":[{"taxonomy":"category","embeddable":true,"href":"https:\/\/riad-zyo.com\/blog\/wp-json\/wp\/v2\/categories?post=32"},{"taxonomy":"post_tag","embeddable":true,"href":"https:\/\/riad-zyo.com\/blog\/wp-json\/wp\/v2\/tags?post=32"}],"curies":[{"name":"wp","href":"https:\/\/api.w.org\/{rel}","templated":true}]}}